{"id":1748,"date":"2025-03-26T14:08:16","date_gmt":"2025-03-26T14:08:16","guid":{"rendered":"https:\/\/labdeletras.com\/?post_type=news&#038;p=1748"},"modified":"2025-07-22T23:49:02","modified_gmt":"2025-07-22T23:49:02","slug":"nos-complace-anunciar-el-primer-concurso-de-cuento-camaleon-transparente","status":"publish","type":"news","link":"https:\/\/labdeletras.com\/en\/news\/nos-complace-anunciar-el-primer-concurso-de-cuento-camaleon-transparente\/","title":{"rendered":"We are pleased to announce the first \u201cCamale\u00f3n Transparente\u201d 2025 Short Story Contest! \ud83c\udf89"},"content":{"rendered":"<p class=\"fade-slide\">From Laboratorio de Letras in Bel\u00e9n de Umbr\u00eda (Risaralda), we extend a cordial invitation to all residents and sons and daughters of this municipality to take part in this exciting call for submissions, designed to foster creativity and highlight local literary talent.<\/p>\n\n\n\n<h3 class=\"wp-block-heading fade-slide\">\u2728 A space for imagination<\/h3>\n\n\n\n<p class=\"fade-slide translation-block\">We believe in the power of storytelling to unleash creativity and connect people through words. That is why we want to invite emerging writers, hobbyists, young people, and anyone interested in giving free rein to their ideas and putting on paper the worlds that live in their mind. Each participant may submit <strong>one short story<\/strong> of <strong>700 to 1,000 words<\/strong>, on <strong>any theme<\/strong> and in<\/p>\n\n\n\n<h3 class=\"wp-block-heading fade-slide\">\ud83e\udd14 How to participate?<\/h3>\n\n\n\n<ol class=\"wp-block-list fade-slide\">\n<li class=\"translation-block\"><strong>Registration<\/strong>: Register through the form available at <a href=\"http:\/\/labdeletras.com\/en\/concurso\/\" rel=\"nofollow\" target=\"_self\">labdeletras.com\/concurso<\/a>.<\/li>\n\n\n\n<li class=\"translation-block\"><strong>Attach your work<\/strong>: Upload your short story in <strong>Word or PDF format<\/strong>.<\/li>\n\n\n\n<li class=\"translation-block\"><strong>Pseudonym and title<\/strong>: Remember that the document must include only the title of the work and the author\u2019s pseudonym. Do not include any personal information in the file in order to maintain the jury\u2019s impartiality.<\/li>\n\n\n\n<li class=\"translation-block\"><strong>Requirements review<\/strong>: Make sure your text is original, is not assisted by artificial intelligence, and contains no spelling mistakes. Otherwise, it will be automatically disqualified.<\/li>\n<\/ol>\n\n\n\n<h3 class=\"wp-block-heading fade-slide\">\ud83c\udfc6 Acknowledgements<\/h3>\n\n\n\n<p class=\"fade-slide\">We want to reward the effort and creativity of participants with prizes that recognize their talent:<\/p>\n\n\n\n<ul class=\"wp-block-list fade-slide\">\n<li class=\"translation-block\"><strong>First place<\/strong>: $3,000,000 COP and a plaque<\/li>\n\n\n\n<li class=\"translation-block\"><strong>Second place<\/strong>: $2,000,000 COP<\/li>\n\n\n\n<li class=\"translation-block\"><strong>Third place<\/strong>: $1,000,000 COP<\/li>\n<\/ul>\n\n\n\n<p class=\"fade-slide translation-block\">The results will be announced at the awards ceremony on <strong>April 25, 2025<\/strong>, at 7:00 p.m., at the Municipal Theater of Bel\u00e9n de Umbr\u00eda. During the event, the winning short stories will be read aloud to the audience.<\/p>\n\n\n\n<h3 class=\"wp-block-heading fade-slide\">\ud83d\ude80 A boost for local culture<\/h3>\n\n\n\n<p class=\"fade-slide\">We firmly believe this is a unique opportunity to discover, support, and celebrate Bel\u00e9n de Umbr\u00eda\u2019s literary passion. Our greatest hope is that this contest will become a catalyst for creativity and a meeting point for those who enjoy writing and sharing stories.<\/p>\n\n\n\n<p class=\"fade-slide translation-block\">Don\u2019t wait any longer to be part of this experience! If you would like more information, visit the <a href=\"https:\/\/labdeletras.com\/en\/terminos-y-condiciones\/\" rel=\"nofollow\" target=\"_self\">contest rules<\/a> or contact us through our official communication channels. We invite you to write, dream, and take part in the first \u201cCamale\u00f3n Transparente\u201d 2025 Short Story Contest.<\/p>\n\n\n\n<p class=\"fade-slide\"><strong>Go for it and be part of the magic of storytelling!<\/strong><\/p>\n\n\n\n<p><\/p>","protected":false},"excerpt":{"rendered":"<p>Desde el Laboratorio de Letras de Bel\u00e9n de Umbr\u00eda (Risaralda), extendemos una cordial invitaci\u00f3n a todos los habitantes e hijos de este municipio para que participen en esta emocionante convocatoria, dise\u00f1ada para fomentar la creatividad y destacar el talento literario local. \u2728 Un espacio para la imaginaci\u00f3n Creemos en el poder de la narrativa para [&hellip;]<\/p>\n","protected":false},"featured_media":1749,"template":"","meta":{"_acf_changed":false,"_uag_custom_page_level_css":"","site-sidebar-layout":"default","site-content-layout":"","ast-site-content-layout":"default","site-content-style":"default","site-sidebar-style":"default","ast-global-header-display":"","ast-banner-title-visibility":"","ast-main-header-display":"","ast-hfb-above-header-display":"","ast-hfb-below-header-display":"","ast-hfb-mobile-header-display":"","site-post-title":"","ast-breadcrumbs-content":"","ast-featured-img":"","footer-sml-layout":"","ast-disable-related-posts":"","theme-transparent-header-meta":"","adv-header-id-meta":"","stick-header-meta":"","header-above-stick-meta":"","header-main-stick-meta":"","header-below-stick-meta":"","astra-migrate-meta-layouts":"set","ast-page-background-enabled":"default","ast-page-background-meta":{"desktop":{"background-color":"","background-image":"","background-repeat":"repeat","background-position":"center center","background-size":"auto","background-attachment":"scroll","background-type":"","background-media":"","overlay-type":"","overlay-color":"","overlay-opacity":"","overlay-gradient":""},"tablet":{"background-color":"","background-image":"","background-repeat":"repeat","background-position":"center center","background-size":"auto","background-attachment":"scroll","background-type":"","background-media":"","overlay-type":"","overlay-color":"","overlay-opacity":"","overlay-gradient":""},"mobile":{"background-color":"","background-image":"","background-repeat":"repeat","background-position":"center center","background-size":"auto","background-attachment":"scroll","background-type":"","background-media":"","overlay-type":"","overlay-color":"","overlay-opacity":"","overlay-gradient":""}},"ast-content-background-meta":{"desktop":{"background-color":"var(--ast-global-color-5)","background-image":"","background-repeat":"repeat","background-position":"center center","background-size":"auto","background-attachment":"scroll","background-type":"","background-media":"","overlay-type":"","overlay-color":"","overlay-opacity":"","overlay-gradient":""},"tablet":{"background-color":"var(--ast-global-color-5)","background-image":"","background-repeat":"repeat","background-position":"center center","background-size":"auto","background-attachment":"scroll","background-type":"","background-media":"","overlay-type":"","overlay-color":"","overlay-opacity":"","overlay-gradient":""},"mobile":{"background-color":"var(--ast-global-color-5)","background-image":"","background-repeat":"repeat","background-position":"center center","background-size":"auto","background-attachment":"scroll","background-type":"","background-media":"","overlay-type":"","overlay-color":"","overlay-opacity":"","overlay-gradient":""}}},"new-and-event":[23],"class_list":["post-1748","news","type-news","status-publish","has-post-thumbnail","hentry","new-and-event-news"],"acf":[],"uagb_featured_image_src":{"full":["https:\/\/labdeletras.com\/wp-content\/uploads\/2025\/03\/convocatoria_camaleon_transparente.jpg",945,957,false],"thumbnail":["https:\/\/labdeletras.com\/wp-content\/uploads\/2025\/03\/convocatoria_camaleon_transparente-150x150.jpg",150,150,true],"medium":["https:\/\/labdeletras.com\/wp-content\/uploads\/2025\/03\/convocatoria_camaleon_transparente-296x300.jpg",296,300,true],"medium_large":["https:\/\/labdeletras.com\/wp-content\/uploads\/2025\/03\/convocatoria_camaleon_transparente-768x778.jpg",768,778,true],"large":["https:\/\/labdeletras.com\/wp-content\/uploads\/2025\/03\/convocatoria_camaleon_transparente.jpg",945,957,false],"1536x1536":["https:\/\/labdeletras.com\/wp-content\/uploads\/2025\/03\/convocatoria_camaleon_transparente.jpg",945,957,false],"2048x2048":["https:\/\/labdeletras.com\/wp-content\/uploads\/2025\/03\/convocatoria_camaleon_transparente.jpg",945,957,false],"trp-custom-language-flag":["https:\/\/labdeletras.com\/wp-content\/uploads\/2025\/03\/convocatoria_camaleon_transparente.jpg",12,12,false]},"uagb_author_info":{"display_name":"llorenc.m.h@protonmail.com","author_link":"https:\/\/labdeletras.com\/en\/author\/"},"uagb_comment_info":0,"uagb_excerpt":"Desde el Laboratorio de Letras de Bel\u00e9n de Umbr\u00eda (Risaralda), extendemos una cordial invitaci\u00f3n a todos los habitantes e hijos de este municipio para que participen en esta emocionante convocatoria, dise\u00f1ada para fomentar la creatividad y destacar el talento literario local. \u2728 Un espacio para la imaginaci\u00f3n Creemos en el poder de la narrativa para&hellip;","_links":{"self":[{"href":"https:\/\/labdeletras.com\/en\/wp-json\/wp\/v2\/news\/1748","targetHints":{"allow":["GET"]}}],"collection":[{"href":"https:\/\/labdeletras.com\/en\/wp-json\/wp\/v2\/news"}],"about":[{"href":"https:\/\/labdeletras.com\/en\/wp-json\/wp\/v2\/types\/news"}],"wp:featuredmedia":[{"embeddable":true,"href":"https:\/\/labdeletras.com\/en\/wp-json\/wp\/v2\/media\/1749"}],"wp:attachment":[{"href":"https:\/\/labdeletras.com\/en\/wp-json\/wp\/v2\/media?parent=1748"}],"wp:term":[{"taxonomy":"new-and-event","embeddable":true,"href":"https:\/\/labdeletras.com\/en\/wp-json\/wp\/v2\/new-and-event?post=1748"}],"curies":[{"name":"wp","href":"https:\/\/api.w.org\/{rel}","templated":true}]}}