{"id":3020,"date":"2026-05-01T09:58:49","date_gmt":"2026-05-01T14:58:49","guid":{"rendered":"https:\/\/labdeletras.com\/?post_type=short_story&#038;p=3020"},"modified":"2026-05-01T10:39:38","modified_gmt":"2026-05-01T15:39:38","slug":"las-cosas-que-no-se-tiran","status":"publish","type":"short_story","link":"https:\/\/labdeletras.com\/en\/short-stories\/las-cosas-que-no-se-tiran\/","title":{"rendered":"Las Cosas que No Se Tiran"},"content":{"rendered":"<p class=\"has-text-align-center\" style=\"margin-top:var(--wp--preset--spacing--30);margin-bottom:var(--wp--preset--spacing--70)\"><em>sobre lo que queda cuando alguien se va<\/em><\/p>\n\n\n\n<p>Mi padre guardaba todo. No era desorden &#8211; eso lo entend\u00ed tarde, demasiado tarde -. Era un sistema que solo \u00e9l conoc\u00eda: cada caj\u00f3n de su taller ten\u00eda una l\u00f3gica que parec\u00eda arbitraria hasta que necesitabas algo y \u00e9l met\u00eda la mano sin mirar y lo sacaba. Tornillos de distintos tama\u00f1os mezclados con pilas viejas y botones sueltos y trozos de cuerda que no eran de ninguna cuerda en particular. Un clavo doblado que guardaba porque <em>&#8220;los clavos doblados son los m\u00e1s honestos, ya hicieron su trabajo.&#8221;<\/em><\/p>\n\n\n\n<p>Cuando muri\u00f3, mi madre me llam\u00f3 para vaciar el taller. Dijo que no pod\u00eda hacerlo sola. Que tampoco pod\u00eda seguir mirando la puerta cerrada cada ma\u00f1ana desde la ventana de la cocina. Que necesitaba que alguien tomara decisiones que ella no iba a poder tomar.<\/p>\n\n\n\n<p>Llegu\u00e9 un s\u00e1bado. Ella me recibi\u00f3 con caf\u00e9 y con la cara de quien lleva semanas ensayando estar bien, que es la cara m\u00e1s dif\u00edcil de ver en alguien que quieres. Me dio las llaves del taller sin decir nada y se fue a la sala a ver la televisi\u00f3n con el volumen m\u00e1s bajo que sirve de algo.<\/p>\n\n\n\n<p>El taller ol\u00eda a \u00e9l. As\u00ed de sencillo y as\u00ed de brutal: entr\u00e9 y el olor me par\u00f3 en seco en el umbral como si el aire mismo fuera un argumento contra seguir adelante. Aceite, madera, ese algo met\u00e1lico indefinido que se le pegaba a las manos y que yo de ni\u00f1o intentaba identificar sin \u00e9xito. Me qued\u00e9 parado un momento. Luego respir\u00e9. Luego entr\u00e9.<\/p>\n\n\n\n<p>La primera hora fue mec\u00e1nica. Bolsas de basura para lo evidente: tarros vac\u00edos, revistas de hace veinte a\u00f1os, un calendario de 2003 que por alguna raz\u00f3n hab\u00eda sobrevivido a todo. Trabaj\u00e9 r\u00e1pido y sin pensar, que es la \u00fanica manera de hacer ese tipo de trabajo. Pero entonces abr\u00ed el caj\u00f3n de en medio del banco de herramientas y encontr\u00e9 la lata de galletas.<\/p>\n\n\n\n<p>Era una de esas latas de mantequilla danesa, azul marino, con el barco en la tapa. La reconoc\u00ed de inmediato: hab\u00eda vivido en ese caj\u00f3n toda mi infancia. La sacud\u00ed. Pesaba. La abr\u00ed.<\/p>\n\n\n\n<p>Adentro no hab\u00eda galletas ni tornillos ni nada de lo que hubiera esperado. Hab\u00eda papeles doblados. Docenas de papeles doblados en cuatro, del mismo tama\u00f1o, con la misma letra apretada y peque\u00f1a que \u00e9l ten\u00eda cuando escrib\u00eda para s\u00ed mismo, no para que nadie leyera. Los saqu\u00e9 uno a uno y los fui abriendo sobre el banco de trabajo, y lo que encontr\u00e9 fue esto: mi padre hab\u00eda guardado, durante a\u00f1os, todas las cosas que hab\u00eda querido decir y no hab\u00eda dicho.<\/p>\n\n\n\n<p>No eran cartas. No ten\u00edan destinatario. Eran fragmentos: una frase a veces, un p\u00e1rrafo otras, una vez solo una palabra subrayada tres veces &#8211;<\/p>\n\n\n\n<p><em>Suficiente<\/em> &#8211; sin contexto ninguno. Pero en algunos reconoc\u00ed situaciones. Reconoc\u00ed fechas. Reconoc\u00ed, con una precisi\u00f3n que me cost\u00f3 sostener, momentos que yo tambi\u00e9n recordaba pero desde el otro lado.<\/p>\n\n\n\n<p>Uno dec\u00eda: <em>&#8220;Hoy el ni\u00f1o gan\u00f3 el torneo de ajedrez del colegio y cuando lo fui a abrazar se puso r\u00edgido como hacen los chicos de esa edad y yo lo solt\u00e9 demasiado r\u00e1pido y no supe c\u00f3mo decirle que ese abrazo cortado era el orgullo m\u00e1s grande que he sentido en mi vida.&#8221;<\/em><\/p>\n\n\n\n<p>Ten\u00eda doce a\u00f1os cuando gan\u00e9 ese torneo. Recordaba el abrazo. Recordaba haberme puesto r\u00edgido. Recordaba tambi\u00e9n, con la crueldad intacta del recuerdo, haber pensado en ese momento que a \u00e9l no le importaba demasiado. Que lo hab\u00eda soltado r\u00e1pido porque ten\u00eda prisa. Que era el tipo de padre que no sab\u00eda c\u00f3mo quedarse.<\/p>\n\n\n\n<p>Estuve una hora leyendo sin moverme del banco. Afuera, en alg\u00fan momento, empez\u00f3 a llover. Mi madre segu\u00eda en la sala con la televisi\u00f3n en voz baja. Y yo fui leyendo, papel por papel, la versi\u00f3n de mi padre de una vida que yo cre\u00eda conocer: la vez que no lleg\u00f3 a mi graduaci\u00f3n porque el coche se averi\u00f3 en la carretera y lleg\u00f3 cuando ya todo hab\u00eda terminado y yo ya me hab\u00eda ido sin esperarlo, y \u00e9l se hab\u00eda quedado parado en el estacionamiento vac\u00edo sin saber a qui\u00e9n llamar para dec\u00edrselo. La vez que quiso ense\u00f1arme a pescar y yo me aburr\u00ed a la media hora y \u00e9l escribi\u00f3: <em>&#8220;No importa. Estuvimos media hora.&#8221;<\/em> La vez, y esto fue lo que me quebr\u00f3, la \u00faltima Navidad que pasamos todos juntos, cuando yo llegu\u00e9 con prisa y me fui con prisa, y \u00e9l escribi\u00f3 solo: <em>&#8220;Estuvo bien.&#8221;<\/em> Y debajo, m\u00e1s peque\u00f1o: <em>&#8220;Ojal\u00e1 hubiera dicho que estuvo bien.&#8221;<\/em><\/p>\n\n\n\n<p>Sal\u00ed del taller con la lata en las manos. Mi madre me mir\u00f3 desde el sof\u00e1 y vio mi cara y no pregunt\u00f3 nada, que es la forma m\u00e1s alta del amor. Me sent\u00e9 a su lado. Le puse la lata en el regazo. Ella la mir\u00f3 un momento largo.<\/p>\n\n\n\n<p style=\"padding-left:var(--wp--preset--spacing--70)\"><em>&#8220;\u00bfLa conoc\u00edas?&#8221;, le pregunt\u00e9. Tard\u00f3 en contestar. &#8220;Sab\u00eda que exist\u00eda&#8221;, dijo. &#8220;No sab\u00eda lo que guardaba. \u00c9l tampoco me lo dijo.&#8221; Hizo una pausa. &#8220;Era muy suyo, eso.&#8221;<\/em><\/p>\n\n\n\n<p>Nos quedamos callados los dos. La lluvia en la ventana. La televisi\u00f3n apagada ya, en alg\u00fan momento se hab\u00eda apagado. Y yo pens\u00e9 en todos los hombres de esa generaci\u00f3n que aprendieron que los sentimientos son cosas que se guardan en latas de galletas en cajones que nadie abre, y c\u00f3mo eso no es frialdad ni distancia sino un idioma equivocado aprendido demasiado joven, y c\u00f3mo algunas personas se pasan la vida entera buscando la manera de decir lo que esta lata hab\u00eda guardado durante d\u00e9cadas sin oxidarse.<\/p>\n\n\n\n<p>Me llev\u00e9 la lata. No pude no hacerlo. La tengo en mi mesa de trabajo, al lado del teclado, y a veces cuando estoy escribiendo algo dif\u00edcil o cuando tengo una conversaci\u00f3n que no s\u00e9 c\u00f3mo empezar la miro y pienso que mi padre lo intent\u00f3 a su manera. Que la lata era su manera. Que quiz\u00e1s todos tenemos una lata en alg\u00fan caj\u00f3n, de un tipo o de otro, llena de cosas que alg\u00fan d\u00eda alguien va a encontrar cuando ya sea tarde para dec\u00edrnoslo en persona.<\/p>\n\n\n\n<p class=\"has-text-align-center\" style=\"margin-top:var(--wp--preset--spacing--70);margin-bottom:var(--wp--preset--spacing--70)\"><em><strong>Desde entonces, cuando quiero decirle algo importante a alguien, lo digo.<\/strong><\/em><br><em><strong>No siempre bien. No siempre en el momento justo.<\/strong><\/em><br><em><strong>Pero lo digo.<\/strong><\/em><br><em><strong>Es lo \u00fanico que s\u00e9 hacerle a \u00e9l.<\/strong><\/em><\/p>\n\n\n\n<p>El clavo doblado tambi\u00e9n me lo traje. Est\u00e1 en el borde de la mesa, haciendo nada, siendo honesto.<\/p>\n\n\n\n<p class=\"has-text-align-center\" style=\"margin-top:var(--wp--preset--spacing--80);margin-bottom:var(--wp--preset--spacing--80)\"><em>Algunas personas hablan mejor cuando ya no est\u00e1n.<\/em><\/p>","protected":false},"featured_media":0,"template":"","meta":{"_acf_changed":true,"_uag_custom_page_level_css":"","site-sidebar-layout":"default","site-content-layout":"","ast-site-content-layout":"default","site-content-style":"default","site-sidebar-style":"default","ast-global-header-display":"","ast-banner-title-visibility":"","ast-main-header-display":"","ast-hfb-above-header-display":"","ast-hfb-below-header-display":"","ast-hfb-mobile-header-display":"","site-post-title":"","ast-breadcrumbs-content":"","ast-featured-img":"","footer-sml-layout":"","ast-disable-related-posts":"","theme-transparent-header-meta":"","adv-header-id-meta":"","stick-header-meta":"","header-above-stick-meta":"","header-main-stick-meta":"","header-below-stick-meta":"","astra-migrate-meta-layouts":"set","ast-page-background-enabled":"default","ast-page-background-meta":{"desktop":{"background-color":"","background-image":"","background-repeat":"repeat","background-position":"center center","background-size":"auto","background-attachment":"scroll","background-type":"","background-media":"","overlay-type":"","overlay-color":"","overlay-opacity":"","overlay-gradient":""},"tablet":{"background-color":"","background-image":"","background-repeat":"repeat","background-position":"center center","background-size":"auto","background-attachment":"scroll","background-type":"","background-media":"","overlay-type":"","overlay-color":"","overlay-opacity":"","overlay-gradient":""},"mobile":{"background-color":"","background-image":"","background-repeat":"repeat","background-position":"center center","background-size":"auto","background-attachment":"scroll","background-type":"","background-media":"","overlay-type":"","overlay-color":"","overlay-opacity":"","overlay-gradient":""}},"ast-content-background-meta":{"desktop":{"background-color":"var(--ast-global-color-5)","background-image":"","background-repeat":"repeat","background-position":"center center","background-size":"auto","background-attachment":"scroll","background-type":"","background-media":"","overlay-type":"","overlay-color":"","overlay-opacity":"","overlay-gradient":""},"tablet":{"background-color":"var(--ast-global-color-5)","background-image":"","background-repeat":"repeat","background-position":"center center","background-size":"auto","background-attachment":"scroll","background-type":"","background-media":"","overlay-type":"","overlay-color":"","overlay-opacity":"","overlay-gradient":""},"mobile":{"background-color":"var(--ast-global-color-5)","background-image":"","background-repeat":"repeat","background-position":"center center","background-size":"auto","background-attachment":"scroll","background-type":"","background-media":"","overlay-type":"","overlay-color":"","overlay-opacity":"","overlay-gradient":""}}},"contest_year":[25],"contest_category":[29],"class_list":["post-3020","short_story","type-short_story","status-publish","hentry","contest_year-25","contest_category-libre"],"acf":[],"uagb_featured_image_src":{"full":false,"thumbnail":false,"medium":false,"medium_large":false,"large":false,"1536x1536":false,"2048x2048":false,"trp-custom-language-flag":false},"uagb_author_info":{"display_name":"llorenc.m.h@protonmail.com","author_link":"https:\/\/labdeletras.com\/en\/author\/"},"uagb_comment_info":0,"uagb_excerpt":"sobre lo que queda cuando alguien se va Mi padre guardaba todo. No era desorden &#8211; eso lo entend\u00ed tarde, demasiado tarde -. Era un sistema que solo \u00e9l conoc\u00eda: cada caj\u00f3n de su taller ten\u00eda una l\u00f3gica que parec\u00eda arbitraria hasta que necesitabas algo y \u00e9l met\u00eda la mano sin mirar y lo sacaba.&hellip;","_links":{"self":[{"href":"https:\/\/labdeletras.com\/en\/wp-json\/wp\/v2\/short_story\/3020","targetHints":{"allow":["GET"]}}],"collection":[{"href":"https:\/\/labdeletras.com\/en\/wp-json\/wp\/v2\/short_story"}],"about":[{"href":"https:\/\/labdeletras.com\/en\/wp-json\/wp\/v2\/types\/short_story"}],"wp:attachment":[{"href":"https:\/\/labdeletras.com\/en\/wp-json\/wp\/v2\/media?parent=3020"}],"wp:term":[{"taxonomy":"contest_year","embeddable":true,"href":"https:\/\/labdeletras.com\/en\/wp-json\/wp\/v2\/contest_year?post=3020"},{"taxonomy":"contest_category","embeddable":true,"href":"https:\/\/labdeletras.com\/en\/wp-json\/wp\/v2\/contest_category?post=3020"}],"curies":[{"name":"wp","href":"https:\/\/api.w.org\/{rel}","templated":true}]}}