{"id":3021,"date":"2026-05-01T09:58:49","date_gmt":"2026-05-01T14:58:49","guid":{"rendered":"https:\/\/labdeletras.com\/?post_type=short_story&#038;p=3021"},"modified":"2026-05-01T10:39:38","modified_gmt":"2026-05-01T15:39:38","slug":"un-destello-de-luz","status":"publish","type":"short_story","link":"https:\/\/labdeletras.com\/en\/short-stories\/un-destello-de-luz\/","title":{"rendered":"Un destello de luz"},"content":{"rendered":"<p>Nunca pens\u00e9 que un d\u00eda iba a tener que vivir algo as\u00ed.<\/p>\n\n\n\n<p>Nunca pens\u00e9 que un d\u00eda iba a tener que vivir algo as\u00ed.<\/p>\n\n\n\n<p>No porque normalmente no pasen este tipo de cosas, sino porque uno siempre cree que le pasan a otros, en otros lugares, en otras vidas. No en el mismo barrio, no en la misma calle por donde uno pasa todos los d\u00edas, no a alguien que uno ha visto re\u00edr tantas veces.<\/p>\n\n\n\n<p>Ese d\u00eda empez\u00f3 normal. Era un d\u00eda cualquiera: gente saliendo de las casas, ruido en la calle. Nada hac\u00eda pensar que en unas horas todo iba a cambiar.<\/p>\n\n\n\n<p>A ese compa\u00f1ero lo conoc\u00edamos muchos. No porque fuera el m\u00e1s inteligente o el que m\u00e1s participara en clase, sino porque era de esos que uno ubica f\u00e1cil. Estaba ah\u00ed, compart\u00eda, se re\u00eda, molestaba como cualquier otro. No era perfecto, pero tampoco ten\u00eda nada que hiciera pensar que algo as\u00ed pod\u00eda pasar.<\/p>\n\n\n\n<p>Donde s\u00ed cambiaba todo era en la cancha.<\/p>\n\n\n\n<p>Ah\u00ed si no parec\u00eda el, era otra persona.<\/p>\n\n\n\n<p>Corr\u00eda distinto, pensaba r\u00e1pido, jugaba como si los de la selecci\u00f3n lo estuvieran viendo. Hab\u00eda partidos en los que uno se quedaba mir\u00e1ndolo, de verdad se notaba que ten\u00eda algo. No necesitaba decir mucho, ah\u00ed hablaba con lo que hac\u00eda.<\/p>\n\n\n\n<p>Ese d\u00eda cumpl\u00eda a\u00f1os.<\/p>\n\n\n\n<p>Eso es algo que no se borra. Porque mientras en otros a\u00f1os ese d\u00eda significaba algo lindo algo distinto, esta vez termin\u00f3 siendo otra cosa completamente diferente.<\/p>\n\n\n\n<p>Dicen que todo pas\u00f3 muy r\u00e1pido.<\/p>\n\n\n\n<p>Que llegaron buscando al padrastro.<\/p>\n\n\n\n<p>Que no iban directamente por \u00e9l.<\/p>\n\n\n\n<p>Pero estaba ah\u00ed.<\/p>\n\n\n\n<p>Y cuando pasan ese tipo de cosas, no importa si ten\u00eda que ver o no. Todo pasa sin dar tiempo a reaccionar, sin pensar, sin poder hacer nada.<\/p>\n\n\n\n<p>Y en medio de eso, intent\u00f3 sobrevivir.<\/p>\n\n\n\n<p>No se qued\u00f3 quieto. No fue como si simplemente todo hubiera terminado sin m\u00e1s. Hubo unintento, una reacci\u00f3n, algo que demuestra que quer\u00eda salir de ah\u00ed, que no era alguien que se iba a rendir as\u00ed.<\/p>\n\n\n\n<p>Pero no.<\/p>\n\n\n\n<p>La noticia no lleg\u00f3 de golpe.<\/p>\n\n\n\n<p>Primero fue un rumor, algo que alguien escuch\u00f3. Despu\u00e9s otro. Hasta que ya no hubo forma de seguir dudando.<\/p>\n\n\n\n<p>Y ah\u00ed todo cambi\u00f3.<\/p>\n\n\n\n<p>No fue solo tristeza. Fue confusi\u00f3n. Nadie entend\u00eda bien c\u00f3mo algo as\u00ed pod\u00eda pasar tan cerca, con alguien que uno hab\u00eda visto hace nada.<\/p>\n\n\n\n<p>El velorio fue duro.<\/p>\n\n\n\n<p>Hab\u00eda mucha gente, m\u00e1s de la que uno pensar\u00eda familiares, vecinos, compa\u00f1eros y hasta personas que tal vez ni hablaban mucho con \u00e9l, pero igual estaban ah\u00ed, porque cuando pasa algo as\u00ed, uno entiende que no se trata solo de cercan\u00eda, sino de humanidad; entre todos se mezclaban la m\u00fasica, las conversaciones y el llanto, formando un ambiente pesado, cargado, donde todo se sent\u00eda al mismo tiempo y nadie reaccionaba igual, porque mientras algunos no pod\u00edan parar de llorar, otros solo se quedaban en silencio sin saber qu\u00e9 hacer, y otros simplemente miraban, como tratando de entender algo que no tiene explicaci\u00f3n.<\/p>\n\n\n\n<p>Pero lo m\u00e1s fuerte no fue eso.<\/p>\n\n\n\n<p>Fue el momento en el que su hermana entr\u00f3 y lo vio en el ata\u00fad.<\/p>\n\n\n\n<p>Fue un grito que sal\u00eda desde adentro, sin control. Llam\u00e1ndolo, diciendo que no, que no la dejara sola. A veces no vemos c\u00f3mo tratamos a las personas sin saber si el d\u00eda de ma\u00f1ana van a estar ah\u00ed. Cuando escuch\u00e9 ese grito de desesperaci\u00f3n, al verla tambi\u00e9n reaccionar por su mam\u00e1, no pod\u00eda contener las l\u00e1grimas. Tan solo una ni\u00f1a, y pasar por lo que ella est\u00e1 viviendo no es justo. No hay palabras para eso.<\/p>\n\n\n\n<p>Ah\u00ed nadie necesit\u00f3 que le explicaran nada.<\/p>\n\n\n\n<p>Despu\u00e9s de eso, todo sigui\u00f3, pero diferente.<\/p>\n\n\n\n<p>En el colegio, los profesores no pod\u00edan dar clases sin pensar en lo sucedido. Prendimos unas velas por \u00e9l, y cada gota de cera que ca\u00eda en nuestras manos era como una leve quemadura en el fondo del coraz\u00f3n, pero al mismo tiempo las l\u00e1grimas que ca\u00edan se iban quedando, como si algo por dentro tambi\u00e9n se endureciera.<\/p>\n\n\n\n<p>La gente volvi\u00f3 a sus rutinas. Pero no era lo mismo. No se sent\u00eda la calidez que \u00e9l dejaba.<\/p>\n\n\n\n<p>Porque hay cosas que no se tienen que repetir para sentirse.<\/p>\n\n\n\n<p>A veces uno piensa en lo r\u00e1pido que cambia todo.<\/p>\n\n\n\n<p>En c\u00f3mo alguien puede estar un d\u00eda y al siguiente ya no.<\/p>\n\n\n\n<p>En c\u00f3mo hay momentos que parecen normales, pero terminan siendo los \u00faltimos sin que nadie lo sepa.<\/p>\n\n\n\n<p>Y eso es lo que m\u00e1s queda.<\/p>\n\n\n\n<p>Que era alguien real.<\/p>\n\n\n\n<p>Que ten\u00eda su vida, sus cosas, su forma de ser.<\/p>\n\n\n\n<p>Y que en cuesti\u00f3n de minutos, todo se acab\u00f3.<\/p>\n\n\n\n<p>No por decisi\u00f3n propia.<\/p>\n\n\n\n<p>No porque quisiera.<\/p>\n\n\n\n<p>Sino porque simplemente le toc\u00f3 estar ah\u00ed.<\/p>\n\n\n\n<p>Y eso es algo que no se puede cambiar.<\/p>\n\n\n\n<p>Ni explicar del todo.<\/p>\n\n\n\n<p>Solo queda asumirlo, aunque no tenga sentido.<\/p>\n\n\n\n<p>Y seguir, aunque algo ya no est\u00e9.<\/p>\n\n\n\n<p>Siempre estar\u00e1s ah\u00ed. Pase el tiempo que pase, nunca se me va a olvidar el rostro de esa sonrisa.<\/p>","protected":false},"featured_media":0,"template":"","meta":{"_acf_changed":true,"_uag_custom_page_level_css":"","site-sidebar-layout":"default","site-content-layout":"","ast-site-content-layout":"default","site-content-style":"default","site-sidebar-style":"default","ast-global-header-display":"","ast-banner-title-visibility":"","ast-main-header-display":"","ast-hfb-above-header-display":"","ast-hfb-below-header-display":"","ast-hfb-mobile-header-display":"","site-post-title":"disabled","ast-breadcrumbs-content":"","ast-featured-img":"","footer-sml-layout":"","ast-disable-related-posts":"","theme-transparent-header-meta":"","adv-header-id-meta":"","stick-header-meta":"","header-above-stick-meta":"","header-main-stick-meta":"","header-below-stick-meta":"","astra-migrate-meta-layouts":"set","ast-page-background-enabled":"default","ast-page-background-meta":{"desktop":{"background-color":"","background-image":"","background-repeat":"repeat","background-position":"center center","background-size":"auto","background-attachment":"scroll","background-type":"","background-media":"","overlay-type":"","overlay-color":"","overlay-opacity":"","overlay-gradient":""},"tablet":{"background-color":"","background-image":"","background-repeat":"repeat","background-position":"center center","background-size":"auto","background-attachment":"scroll","background-type":"","background-media":"","overlay-type":"","overlay-color":"","overlay-opacity":"","overlay-gradient":""},"mobile":{"background-color":"","background-image":"","background-repeat":"repeat","background-position":"center center","background-size":"auto","background-attachment":"scroll","background-type":"","background-media":"","overlay-type":"","overlay-color":"","overlay-opacity":"","overlay-gradient":""}},"ast-content-background-meta":{"desktop":{"background-color":"var(--ast-global-color-5)","background-image":"","background-repeat":"repeat","background-position":"center center","background-size":"auto","background-attachment":"scroll","background-type":"","background-media":"","overlay-type":"","overlay-color":"","overlay-opacity":"","overlay-gradient":""},"tablet":{"background-color":"var(--ast-global-color-5)","background-image":"","background-repeat":"repeat","background-position":"center center","background-size":"auto","background-attachment":"scroll","background-type":"","background-media":"","overlay-type":"","overlay-color":"","overlay-opacity":"","overlay-gradient":""},"mobile":{"background-color":"var(--ast-global-color-5)","background-image":"","background-repeat":"repeat","background-position":"center center","background-size":"auto","background-attachment":"scroll","background-type":"","background-media":"","overlay-type":"","overlay-color":"","overlay-opacity":"","overlay-gradient":""}}},"contest_year":[25],"contest_category":[28],"class_list":["post-3021","short_story","type-short_story","status-publish","hentry","contest_year-25","contest_category-juvenil"],"acf":[],"uagb_featured_image_src":{"full":false,"thumbnail":false,"medium":false,"medium_large":false,"large":false,"1536x1536":false,"2048x2048":false,"trp-custom-language-flag":false},"uagb_author_info":{"display_name":"llorenc.m.h@protonmail.com","author_link":"https:\/\/labdeletras.com\/en\/author\/"},"uagb_comment_info":0,"uagb_excerpt":"Nunca pens\u00e9 que un d\u00eda iba a tener que vivir algo as\u00ed. Nunca pens\u00e9 que un d\u00eda iba a tener que vivir algo as\u00ed. No porque normalmente no pasen este tipo de cosas, sino porque uno siempre cree que le pasan a otros, en otros lugares, en otras vidas. No en el mismo barrio, no&hellip;","_links":{"self":[{"href":"https:\/\/labdeletras.com\/en\/wp-json\/wp\/v2\/short_story\/3021","targetHints":{"allow":["GET"]}}],"collection":[{"href":"https:\/\/labdeletras.com\/en\/wp-json\/wp\/v2\/short_story"}],"about":[{"href":"https:\/\/labdeletras.com\/en\/wp-json\/wp\/v2\/types\/short_story"}],"wp:attachment":[{"href":"https:\/\/labdeletras.com\/en\/wp-json\/wp\/v2\/media?parent=3021"}],"wp:term":[{"taxonomy":"contest_year","embeddable":true,"href":"https:\/\/labdeletras.com\/en\/wp-json\/wp\/v2\/contest_year?post=3021"},{"taxonomy":"contest_category","embeddable":true,"href":"https:\/\/labdeletras.com\/en\/wp-json\/wp\/v2\/contest_category?post=3021"}],"curies":[{"name":"wp","href":"https:\/\/api.w.org\/{rel}","templated":true}]}}