{"id":3022,"date":"2026-05-01T09:58:49","date_gmt":"2026-05-01T14:58:49","guid":{"rendered":"https:\/\/labdeletras.com\/?post_type=short_story&#038;p=3022"},"modified":"2026-05-01T10:39:38","modified_gmt":"2026-05-01T15:39:38","slug":"manos-rojas","status":"publish","type":"short_story","link":"https:\/\/labdeletras.com\/en\/short-stories\/manos-rojas\/","title":{"rendered":"Manos Rojas"},"content":{"rendered":"<p>Esta es la historia de un amigo m\u00edo, la cual se desarrolla en un pueblito ubicado entre las monta\u00f1as cafeteras de nuestro hermoso pa\u00eds, no puedo dar muchos detalles del lugar, por el bien de sus habitantes. Del hombre no se sabe casi nada, aunque hace estragos por donde quiera que pase, es muy bueno para desaparecer sin dejar rastro, nadie lo conoce, pero todo mundo sabe qui\u00e9n es con solo verlo, unos lo aman, otros muchos lo odian y todo el mundo lo busca, se hace llamar \u201cManos Rojas\u201d.<\/p>\n\n\n\n<p>Fernando, como en verdad se llamaba, ten\u00eda pinta de ser un campesino cualquiera, pero llevaba consigo una energ\u00eda muy pesada, l\u00fagubre, algo que hac\u00eda poner arrozudo hasta al m\u00e1s bravo, como si de ver a un espanto se tratase. Era muy alto, delgado, f\u00edsicamente descuidado, mal encarado, con tufo a trago todo el tiempo y a sus costados llevaba un machete y una navaja, sus \u00fanicos y m\u00e1s fieles acompa\u00f1antes. El pueblo era un lugar triste y desolado, no porque no hubiera nadie, sino porque todo el mundo se escond\u00eda, sus habitantes viv\u00edan asediados por la violencia, el miedo y la incertidumbre, los grupos armados se hab\u00edan tomado el lugar hace mucho tiempo, por lo que estaban acostumbrados a sus injusticias , pero todo empeor\u00f3 desde que lleg\u00f3 \u201cEl Ogro\u201d, un comandante inhumano y despiadado, qui\u00e9n empez\u00f3 a llevarse a todos los ni\u00f1os del pueblo a la fuerza, reclut\u00e1ndolos como futuros miembros de su ej\u00e9rcito, afirmando que en un lugar donde nadie serv\u00eda para nada, les iba a mostrar como era el mundo real, as\u00ed tuviera que ense\u00f1arles a hablar y caminar primero. Hasta que un d\u00eda cualquiera, guiado por los rumores y la reputaci\u00f3n que adornaban el pueblo, apareci\u00f3 Fernando.<\/p>\n\n\n\n<ul class=\"wp-block-list list-em-dash\">\n<li>Oiga mi don, que pena molestarlo, \u00bfusted de pronto sabe d\u00f3nde puedo encontrar a ese tal ogro? -, le pregunt\u00f3 a un anciano que se cruz\u00f3 en su camino.<\/li>\n\n\n\n<li>Mijo, \u00a1por Dios bendito!, \u00bfUsted que hace preguntando por ese loco? No busque lo que no se le ha perdido.<\/li>\n\n\n\n<li>Tranquilo viejo, que a todo marrano le llega su noche buena, m\u00e1s bien d\u00edgame donde lo encuentro -, respondi\u00f3 Fercho seguro de s\u00ed mismo.<\/li>\n\n\n\n<li>En el \u00fanico bar que hay en la plaza, Dios lo bendiga y lo saque vivo de all\u00e1 mijo-, dijo finalmente el anciano, antes de desaparecer del lugar.<\/li>\n<\/ul>\n\n\n\n<p>Fernando se adentr\u00f3 en el bar, empez\u00f3 a tirar mesas y a ponerlas en la entrada para que nadie saliera, acto seguido, empez\u00f3 a tomarse tragos que no eran suyos, y devolvi\u00f3 de un golpe en seco al primero que le quiso reclamar. El bar estaba lleno de hombres armados hasta los dientes, sin embargo, todos se quedaron petrificados, todo mundo se qued\u00f3 en silencio.<\/p>\n\n\n\n<ul class=\"wp-block-list list-em-dash\">\n<li>\u00bfQui\u00e9n de ustedes es el ogro?<\/li>\n\n\n\n<li>\u00bfQui\u00e9n lo necesita? \u2013 pregunt\u00f3 uno de los presentes.<\/li>\n\n\n\n<li>El que sea es muy bobo, lo encontr\u00e9 muy f\u00e1cil, yo pens\u00e9 que me iba a tocar picar a alguien pa\u2019 encontrarlo.<\/li>\n\n\n\n<li>Oigan a este huev\u00f3n, \u00bfNo sabe por qu\u00e9 me dicen el ogro? Respondi\u00f3 el mismo hombre.<\/li>\n\n\n\n<li>Ser\u00e1 por lindo, hijueputa-, respondi\u00f3 Fernando antes de arremeter con su machete.<\/li>\n<\/ul>\n\n\n\n<p>Antes de que alguien pudiera reaccionar, el bar se convirti\u00f3 en una carnicer\u00eda, empezaron a volar cabezas acompa\u00f1adas de chorros de sangre que manchaban la escena; en un parpadeo, los \u00fanicos hombres en pie eran el mozo, Fercho y el Ogro, el resto yac\u00edan en el piso, descuartizados, algunos casi por completo, los pocos que conservaban sus cabezas, luc\u00edan inexpresivos, dando a entender que no tuvieron tiempo ni siquiera de asustarse antes ser masacrados. Al Ogro le toc\u00f3 un final m\u00e1s lento, mientras lloraba y suplicaba por su vida, le quitaba u\u00f1a por u\u00f1a, dedo por dedo; al llegar a las mu\u00f1ecas empez\u00f3 a desollarlo, y cuando termin\u00f3 de hablar, lo decapit\u00f3 con un solo corte de su machete. El mozo se encontraba paralizado, tem\u00eda en ser el siguiente. Fernando se retir\u00f3 del lugar, y se dispuso a ir donde supuestamente estaban los ni\u00f1os.<\/p>\n\n\n\n<p>Al otro d\u00eda, todo el pueblo entr\u00f3 en celebraci\u00f3n, los ni\u00f1os hab\u00edan vuelto, y con ellos, la alegr\u00eda que se les hab\u00eda arrebatado a sus familias. Fernando volvi\u00f3 al bar, el cual segu\u00eda destrozado por la masacre del d\u00eda anterior. Entr\u00f3, se sent\u00f3, y le pidi\u00f3 al mozo una media de guaro.<\/p>\n\n\n\n<ul class=\"wp-block-list list-em-dash\">\n<li>Oiga hermano, qui\u00e9n es usted? Y qu\u00e9 lo impuls\u00f3 a hacer todo esto?<\/li>\n\n\n\n<li>Me dicen \u201cManos Rojas\u201d- respondi\u00f3 Fernando.<\/li>\n\n\n\n<li>\u00bfSi es consciente del peso que lleva en su nombre? \u2013 interrumpi\u00f3 el mozo. \u2013 Hace alusi\u00f3n a todos los ni\u00f1os que no volvieron a sus casas por culpa de estos hijueputas, al dolor de las familias, las l\u00e1grimas derramadas por sus madres, la impotencia de sus padres, el miedo sembrado en forma de minas en tierra que alguna vez fue f\u00e9rtil, la lucha por lo que era nuestro y nos arrebataron.<\/li>\n\n\n\n<li>Por eso lo hago, para demostrarles que seguimos luchando, para alzar la voz por quienes ya no pueden hablar, cargando su cruz, acompa\u00f1ado de todos ellos, para hacerles sentir a esos desgraciados el terror que por a\u00f1os les ha dado seguridad de hacer lo que les da la gana, para que vean que no estamos solos, porque ellos saben que al gobierno no le importa lo suficiente, all\u00e1 arriba est\u00e1n muy ocupados tap\u00e1ndose los bolsillos con nuestra plata, lo \u00fanico que les importa es estar bien a ellos, creen que la sangre que aqu\u00ed se derrama no alcanza a manchar sus escritorios, por lo que no les corresponde limpiarla, ya se acostumbraron a la violencia, la tortura, la extorsi\u00f3n, el secuestro, las muertes, por lo que asumen que nosotros tambi\u00e9n debemos hacerlo, por eso les embuto m\u00e1s de lo que puedan masticar, m\u00e1s de lo que ya se acostumbraron a ver, de asimilar, para que la corbata les aprete un poquito el cuello, porque no ensuciarse las manos los hace creer ser mejores, pero al no hacer nada son iguales o incluso peores que yo, por eso hago tanto esc\u00e1ndalo, para que lo \u00faltimo que vean, sean mis MANOS ROJAS.<\/li>\n<\/ul>","protected":false},"featured_media":0,"template":"","meta":{"_acf_changed":true,"_uag_custom_page_level_css":"","site-sidebar-layout":"default","site-content-layout":"","ast-site-content-layout":"default","site-content-style":"default","site-sidebar-style":"default","ast-global-header-display":"","ast-banner-title-visibility":"","ast-main-header-display":"","ast-hfb-above-header-display":"","ast-hfb-below-header-display":"","ast-hfb-mobile-header-display":"","site-post-title":"disabled","ast-breadcrumbs-content":"","ast-featured-img":"","footer-sml-layout":"","ast-disable-related-posts":"","theme-transparent-header-meta":"","adv-header-id-meta":"","stick-header-meta":"","header-above-stick-meta":"","header-main-stick-meta":"","header-below-stick-meta":"","astra-migrate-meta-layouts":"set","ast-page-background-enabled":"default","ast-page-background-meta":{"desktop":{"background-color":"","background-image":"","background-repeat":"repeat","background-position":"center center","background-size":"auto","background-attachment":"scroll","background-type":"","background-media":"","overlay-type":"","overlay-color":"","overlay-opacity":"","overlay-gradient":""},"tablet":{"background-color":"","background-image":"","background-repeat":"repeat","background-position":"center center","background-size":"auto","background-attachment":"scroll","background-type":"","background-media":"","overlay-type":"","overlay-color":"","overlay-opacity":"","overlay-gradient":""},"mobile":{"background-color":"","background-image":"","background-repeat":"repeat","background-position":"center center","background-size":"auto","background-attachment":"scroll","background-type":"","background-media":"","overlay-type":"","overlay-color":"","overlay-opacity":"","overlay-gradient":""}},"ast-content-background-meta":{"desktop":{"background-color":"var(--ast-global-color-5)","background-image":"","background-repeat":"repeat","background-position":"center center","background-size":"auto","background-attachment":"scroll","background-type":"","background-media":"","overlay-type":"","overlay-color":"","overlay-opacity":"","overlay-gradient":""},"tablet":{"background-color":"var(--ast-global-color-5)","background-image":"","background-repeat":"repeat","background-position":"center center","background-size":"auto","background-attachment":"scroll","background-type":"","background-media":"","overlay-type":"","overlay-color":"","overlay-opacity":"","overlay-gradient":""},"mobile":{"background-color":"var(--ast-global-color-5)","background-image":"","background-repeat":"repeat","background-position":"center center","background-size":"auto","background-attachment":"scroll","background-type":"","background-media":"","overlay-type":"","overlay-color":"","overlay-opacity":"","overlay-gradient":""}}},"contest_year":[25],"contest_category":[28],"class_list":["post-3022","short_story","type-short_story","status-publish","hentry","contest_year-25","contest_category-juvenil"],"acf":[],"uagb_featured_image_src":{"full":false,"thumbnail":false,"medium":false,"medium_large":false,"large":false,"1536x1536":false,"2048x2048":false,"trp-custom-language-flag":false},"uagb_author_info":{"display_name":"llorenc.m.h@protonmail.com","author_link":"https:\/\/labdeletras.com\/en\/author\/"},"uagb_comment_info":0,"uagb_excerpt":"Esta es la historia de un amigo m\u00edo, la cual se desarrolla en un pueblito ubicado entre las monta\u00f1as cafeteras de nuestro hermoso pa\u00eds, no puedo dar muchos detalles del lugar, por el bien de sus habitantes. Del hombre no se sabe casi nada, aunque hace estragos por donde quiera que pase, es muy bueno&hellip;","_links":{"self":[{"href":"https:\/\/labdeletras.com\/en\/wp-json\/wp\/v2\/short_story\/3022","targetHints":{"allow":["GET"]}}],"collection":[{"href":"https:\/\/labdeletras.com\/en\/wp-json\/wp\/v2\/short_story"}],"about":[{"href":"https:\/\/labdeletras.com\/en\/wp-json\/wp\/v2\/types\/short_story"}],"wp:attachment":[{"href":"https:\/\/labdeletras.com\/en\/wp-json\/wp\/v2\/media?parent=3022"}],"wp:term":[{"taxonomy":"contest_year","embeddable":true,"href":"https:\/\/labdeletras.com\/en\/wp-json\/wp\/v2\/contest_year?post=3022"},{"taxonomy":"contest_category","embeddable":true,"href":"https:\/\/labdeletras.com\/en\/wp-json\/wp\/v2\/contest_category?post=3022"}],"curies":[{"name":"wp","href":"https:\/\/api.w.org\/{rel}","templated":true}]}}